{"id":2394,"date":"2024-11-24T22:09:19","date_gmt":"2024-11-24T22:09:19","guid":{"rendered":"https:\/\/ise.edu.al\/?p=2394"},"modified":"2024-11-24T22:09:19","modified_gmt":"2024-11-24T22:09:19","slug":"trajnim-njeditor-ise-delegacioni-i-be-se-kolegji-i-europes","status":"publish","type":"post","link":"https:\/\/ise.edu.al\/en\/trajnim-njeditor-ise-delegacioni-i-be-se-kolegji-i-europes\/","title":{"rendered":"Trajnim nj\u00ebditor: ISE &#8211; Delegacioni i BE-s\u00eb &#8211; Kolegji i Europ\u00ebs"},"content":{"rendered":"<div dir=\"auto\">Trajnim nj\u00ebditor: ISE &#8211; Delegacioni i BE-s\u00eb &#8211; Kolegji i Europ\u00ebs<\/div>\n<div dir=\"auto\">Ishte k\u00ebnaq\u00ebsi p\u00ebr ne t\u00eb organizonim k\u00ebt\u00eb trajnim t\u00eb ve\u00e7ant\u00eb p\u00ebr student\u00eb nga e gjith\u00eb Shqip\u00ebria, n\u00eb partneritet me Kolegjin e Europ\u00ebs dhe Delegacionin e BE-s\u00eb.<\/div>\n<div dir=\"auto\"><img loading=\"lazy\" decoding=\"async\" class=\"alignnone  wp-image-2395\" src=\"https:\/\/ise.edu.al\/wp-content\/uploads\/2024\/11\/4-5.png\" alt=\"\" width=\"288\" height=\"288\" \/> <img loading=\"lazy\" decoding=\"async\" class=\"alignnone  wp-image-2396\" src=\"https:\/\/ise.edu.al\/wp-content\/uploads\/2024\/11\/5-2.png\" alt=\"\" width=\"289\" height=\"289\" \/> <img loading=\"lazy\" decoding=\"async\" class=\"alignnone  wp-image-2397\" src=\"https:\/\/ise.edu.al\/wp-content\/uploads\/2024\/11\/6-1.png\" alt=\"\" width=\"285\" height=\"285\" \/> <img loading=\"lazy\" decoding=\"async\" class=\"alignnone  wp-image-2398\" src=\"https:\/\/ise.edu.al\/wp-content\/uploads\/2024\/11\/1-7.png\" alt=\"\" width=\"281\" height=\"281\" \/> <img loading=\"lazy\" decoding=\"async\" class=\"alignnone  wp-image-2399\" src=\"https:\/\/ise.edu.al\/wp-content\/uploads\/2024\/11\/2-8.png\" alt=\"\" width=\"291\" height=\"291\" \/> <img loading=\"lazy\" decoding=\"async\" class=\"alignnone  wp-image-2400\" src=\"https:\/\/ise.edu.al\/wp-content\/uploads\/2024\/11\/3-8.png\" alt=\"\" width=\"295\" height=\"295\" \/><\/div>","protected":false},"excerpt":{"rendered":"<p>Trajnim nj\u00ebditor: ISE &#8211; Delegacioni i BE-s\u00eb &#8211; Kolegji i Europ\u00ebs Ishte k\u00ebnaq\u00ebsi p\u00ebr ne t\u00eb organizonim k\u00ebt\u00eb trajnim t\u00eb ve\u00e7ant\u00eb p\u00ebr student\u00eb nga e gjith\u00eb Shqip\u00ebria, n\u00eb partneritet me [&hellip;]<\/p>","protected":false},"author":1,"featured_media":2397,"comment_status":"closed","ping_status":"open","sticky":false,"template":"","format":"standard","meta":{"footnotes":""},"categories":[36],"tags":[],"class_list":["post-2394","post","type-post","status-publish","format-standard","has-post-thumbnail","hentry","category-trajnim"],"_links":{"self":[{"href":"https:\/\/ise.edu.al\/en\/wp-json\/wp\/v2\/posts\/2394","targetHints":{"allow":["GET"]}}],"collection":[{"href":"https:\/\/ise.edu.al\/en\/wp-json\/wp\/v2\/posts"}],"about":[{"href":"https:\/\/ise.edu.al\/en\/wp-json\/wp\/v2\/types\/post"}],"author":[{"embeddable":true,"href":"https:\/\/ise.edu.al\/en\/wp-json\/wp\/v2\/users\/1"}],"replies":[{"embeddable":true,"href":"https:\/\/ise.edu.al\/en\/wp-json\/wp\/v2\/comments?post=2394"}],"version-history":[{"count":1,"href":"https:\/\/ise.edu.al\/en\/wp-json\/wp\/v2\/posts\/2394\/revisions"}],"predecessor-version":[{"id":2401,"href":"https:\/\/ise.edu.al\/en\/wp-json\/wp\/v2\/posts\/2394\/revisions\/2401"}],"wp:featuredmedia":[{"embeddable":true,"href":"https:\/\/ise.edu.al\/en\/wp-json\/wp\/v2\/media\/2397"}],"wp:attachment":[{"href":"https:\/\/ise.edu.al\/en\/wp-json\/wp\/v2\/media?parent=2394"}],"wp:term":[{"taxonomy":"category","embeddable":true,"href":"https:\/\/ise.edu.al\/en\/wp-json\/wp\/v2\/categories?post=2394"},{"taxonomy":"post_tag","embeddable":true,"href":"https:\/\/ise.edu.al\/en\/wp-json\/wp\/v2\/tags?post=2394"}],"curies":[{"name":"wp","href":"https:\/\/api.w.org\/{rel}","templated":true}]}}